{"id":5150,"date":"2025-11-13T09:54:41","date_gmt":"2025-11-13T08:54:41","guid":{"rendered":"https:\/\/www.hzcargo.hr\/?p=5150"},"modified":"2026-02-02T09:58:16","modified_gmt":"2026-02-02T08:58:16","slug":"vlak-hz-carga-kao-simbol-europskog-znacaja-projekta-hrvatske-nizinske-pruge","status":"publish","type":"post","link":"https:\/\/www.hzcargo.hr\/en\/vlak-hz-carga-kao-simbol-europskog-znacaja-projekta-hrvatske-nizinske-pruge\/","title":{"rendered":"Vlak H\u017d Carga kao simbol europskog zna\u010daja modernizacije hrvatske  pruge"},"content":{"rendered":"<p>Fotografija vlaka H\u017d Carga d.o.o., koji prevozi ugljen iz Bakra u Slova\u010dku preko novoizgra\u0111enog vijadukta Carevdar, simbolizira europski zna\u010daj modernizacije \u017eeljezni\u010dke pruge na dionici Kri\u017eevci \u2013 Koprivnica \u2013 dr\u017eavna granica s Ma\u0111arskom u povezivanju Hrvatske s Ma\u0111arskom i dalje s Europom<\/p>\n<p>Vi\u0161e o tome doznajte u \u010dlanku na donjem linku:<\/p>\n<p>\ud83d\udd17 <a href=\"https:\/\/danica.hr\/ova-fotka-otkriva-koliko-je-nasa-nova-pruga-vazna-za-cijelu-europu\/\">https:\/\/danica.hr\/ova-fotka-otkriva-koliko-je-nasa-nova-pruga-vazna-za-cijelu-europu\/<\/a><\/p>\n","protected":false},"excerpt":{"rendered":"<p>Fotografija vlaka H\u017d Carga d.o.o., koji prevozi ugljen iz Bakra u Slova\u010dku preko novoizgra\u0111enog vijadukta Carevdar, simbolizira europski zna\u010daj modernizacije \u017eeljezni\u010dke pruge na dionici Kri\u017eevci \u2013 Koprivnica \u2013 dr\u017eavna granica s Ma\u0111arskom u povezivanju Hrvatske s Ma\u0111arskom i &hellip;<\/p>\n","protected":false},"author":4,"featured_media":5198,"comment_status":"closed","ping_status":"open","sticky":false,"template":"","format":"standard","meta":{"_acf_changed":false,"footnotes":""},"categories":[4],"tags":[],"class_list":["post-5150","post","type-post","status-publish","format-standard","has-post-thumbnail","hentry","category-novosti"],"acf":[],"yoast_head":"<!-- This site is optimized with the Yoast SEO plugin v27.5 - https:\/\/yoast.com\/product\/yoast-seo-wordpress\/ -->\n<title>Vlak H\u017d Carga kao simbol europskog zna\u010daja modernizacije hrvatske pruge - H\u017d Cargo<\/title>\n<meta name=\"robots\" content=\"index, follow, max-snippet:-1, max-image-preview:large, max-video-preview:-1\" \/>\n<link rel=\"canonical\" href=\"https:\/\/www.hzcargo.hr\/vlak-hz-carga-kao-simbol-europskog-znacaja-projekta-hrvatske-nizinske-pruge\/\" \/>\n<meta property=\"og:locale\" content=\"en_US\" \/>\n<meta property=\"og:type\" content=\"article\" \/>\n<meta property=\"og:title\" content=\"Vlak H\u017d Carga kao simbol europskog zna\u010daja modernizacije hrvatske pruge - H\u017d Cargo\" \/>\n<meta property=\"og:description\" content=\"Fotografija vlaka H\u017d Carga d.o.o., koji prevozi ugljen iz Bakra u Slova\u010dku preko novoizgra\u0111enog vijadukta Carevdar, simbolizira europski zna\u010daj modernizacije \u017eeljezni\u010dke pruge na dionici Kri\u017eevci \u2013 Koprivnica \u2013 dr\u017eavna granica s Ma\u0111arskom u povezivanju Hrvatske s Ma\u0111arskom i &hellip;\" \/>\n<meta property=\"og:url\" content=\"https:\/\/www.hzcargo.hr\/vlak-hz-carga-kao-simbol-europskog-znacaja-projekta-hrvatske-nizinske-pruge\/\" \/>\n<meta property=\"og:site_name\" content=\"H\u017d Cargo\" \/>\n<meta property=\"article:published_time\" content=\"2025-11-13T08:54:41+00:00\" \/>\n<meta property=\"article:modified_time\" content=\"2026-02-02T08:58:16+00:00\" \/>\n<meta property=\"og:image\" content=\"https:\/\/www.hzcargo.hr\/wp-content\/uploads\/2025\/11\/HZCargo-Vijadukt-Carevdar-Leon-Smrtic-1.-smanjena.jpg\" \/>\n\t<meta property=\"og:image:width\" content=\"500\" \/>\n\t<meta property=\"og:image:height\" content=\"333\" \/>\n\t<meta property=\"og:image:type\" content=\"image\/jpeg\" \/>\n<meta name=\"author\" content=\"iva.sivric\" \/>\n<meta name=\"twitter:card\" content=\"summary_large_image\" \/>\n<meta name=\"twitter:label1\" content=\"Written by\" \/>\n\t<meta name=\"twitter:data1\" content=\"iva.sivric\" \/>\n\t<meta name=\"twitter:label2\" content=\"Est. reading time\" \/>\n\t<meta name=\"twitter:data2\" content=\"1 minute\" \/>\n<script type=\"application\/ld+json\" class=\"yoast-schema-graph\">{\"@context\":\"https:\\\/\\\/schema.org\",\"@graph\":[{\"@type\":\"Article\",\"@id\":\"https:\\\/\\\/www.hzcargo.hr\\\/vlak-hz-carga-kao-simbol-europskog-znacaja-projekta-hrvatske-nizinske-pruge\\\/#article\",\"isPartOf\":{\"@id\":\"https:\\\/\\\/www.hzcargo.hr\\\/vlak-hz-carga-kao-simbol-europskog-znacaja-projekta-hrvatske-nizinske-pruge\\\/\"},\"author\":{\"name\":\"iva.sivric\",\"@id\":\"https:\\\/\\\/www.hzcargo.hr\\\/#\\\/schema\\\/person\\\/3cfaaad1a6f14f5f7f01d9032821e002\"},\"headline\":\"Vlak H\u017d Carga kao simbol europskog zna\u010daja modernizacije hrvatske pruge\",\"datePublished\":\"2025-11-13T08:54:41+00:00\",\"dateModified\":\"2026-02-02T08:58:16+00:00\",\"mainEntityOfPage\":{\"@id\":\"https:\\\/\\\/www.hzcargo.hr\\\/vlak-hz-carga-kao-simbol-europskog-znacaja-projekta-hrvatske-nizinske-pruge\\\/\"},\"wordCount\":74,\"image\":{\"@id\":\"https:\\\/\\\/www.hzcargo.hr\\\/vlak-hz-carga-kao-simbol-europskog-znacaja-projekta-hrvatske-nizinske-pruge\\\/#primaryimage\"},\"thumbnailUrl\":\"https:\\\/\\\/www.hzcargo.hr\\\/wp-content\\\/uploads\\\/2025\\\/11\\\/HZCargo-Vijadukt-Carevdar-Leon-Smrtic-1.-smanjena.jpg\",\"articleSection\":[\"Novosti\"],\"inLanguage\":\"en-US\"},{\"@type\":\"WebPage\",\"@id\":\"https:\\\/\\\/www.hzcargo.hr\\\/vlak-hz-carga-kao-simbol-europskog-znacaja-projekta-hrvatske-nizinske-pruge\\\/\",\"url\":\"https:\\\/\\\/www.hzcargo.hr\\\/vlak-hz-carga-kao-simbol-europskog-znacaja-projekta-hrvatske-nizinske-pruge\\\/\",\"name\":\"Vlak H\u017d Carga kao simbol europskog zna\u010daja modernizacije hrvatske pruge - H\u017d Cargo\",\"isPartOf\":{\"@id\":\"https:\\\/\\\/www.hzcargo.hr\\\/#website\"},\"primaryImageOfPage\":{\"@id\":\"https:\\\/\\\/www.hzcargo.hr\\\/vlak-hz-carga-kao-simbol-europskog-znacaja-projekta-hrvatske-nizinske-pruge\\\/#primaryimage\"},\"image\":{\"@id\":\"https:\\\/\\\/www.hzcargo.hr\\\/vlak-hz-carga-kao-simbol-europskog-znacaja-projekta-hrvatske-nizinske-pruge\\\/#primaryimage\"},\"thumbnailUrl\":\"https:\\\/\\\/www.hzcargo.hr\\\/wp-content\\\/uploads\\\/2025\\\/11\\\/HZCargo-Vijadukt-Carevdar-Leon-Smrtic-1.-smanjena.jpg\",\"datePublished\":\"2025-11-13T08:54:41+00:00\",\"dateModified\":\"2026-02-02T08:58:16+00:00\",\"author\":{\"@id\":\"https:\\\/\\\/www.hzcargo.hr\\\/#\\\/schema\\\/person\\\/3cfaaad1a6f14f5f7f01d9032821e002\"},\"breadcrumb\":{\"@id\":\"https:\\\/\\\/www.hzcargo.hr\\\/vlak-hz-carga-kao-simbol-europskog-znacaja-projekta-hrvatske-nizinske-pruge\\\/#breadcrumb\"},\"inLanguage\":\"en-US\",\"potentialAction\":[{\"@type\":\"ReadAction\",\"target\":[\"https:\\\/\\\/www.hzcargo.hr\\\/vlak-hz-carga-kao-simbol-europskog-znacaja-projekta-hrvatske-nizinske-pruge\\\/\"]}]},{\"@type\":\"ImageObject\",\"inLanguage\":\"en-US\",\"@id\":\"https:\\\/\\\/www.hzcargo.hr\\\/vlak-hz-carga-kao-simbol-europskog-znacaja-projekta-hrvatske-nizinske-pruge\\\/#primaryimage\",\"url\":\"https:\\\/\\\/www.hzcargo.hr\\\/wp-content\\\/uploads\\\/2025\\\/11\\\/HZCargo-Vijadukt-Carevdar-Leon-Smrtic-1.-smanjena.jpg\",\"contentUrl\":\"https:\\\/\\\/www.hzcargo.hr\\\/wp-content\\\/uploads\\\/2025\\\/11\\\/HZCargo-Vijadukt-Carevdar-Leon-Smrtic-1.-smanjena.jpg\",\"width\":500,\"height\":333},{\"@type\":\"BreadcrumbList\",\"@id\":\"https:\\\/\\\/www.hzcargo.hr\\\/vlak-hz-carga-kao-simbol-europskog-znacaja-projekta-hrvatske-nizinske-pruge\\\/#breadcrumb\",\"itemListElement\":[{\"@type\":\"ListItem\",\"position\":1,\"name\":\"Home\",\"item\":\"https:\\\/\\\/www.hzcargo.hr\\\/en\\\/\"},{\"@type\":\"ListItem\",\"position\":2,\"name\":\"Vlak H\u017d Carga kao simbol europskog zna\u010daja modernizacije hrvatske pruge\"}]},{\"@type\":\"WebSite\",\"@id\":\"https:\\\/\\\/www.hzcargo.hr\\\/#website\",\"url\":\"https:\\\/\\\/www.hzcargo.hr\\\/\",\"name\":\"H\u017d Cargo\",\"description\":\"dru\u0161tvo s ograni\u010denom odgovorno\u0161\u0107u za prijevoz tereta\",\"potentialAction\":[{\"@type\":\"SearchAction\",\"target\":{\"@type\":\"EntryPoint\",\"urlTemplate\":\"https:\\\/\\\/www.hzcargo.hr\\\/?s={search_term_string}\"},\"query-input\":{\"@type\":\"PropertyValueSpecification\",\"valueRequired\":true,\"valueName\":\"search_term_string\"}}],\"inLanguage\":\"en-US\"},{\"@type\":\"Person\",\"@id\":\"https:\\\/\\\/www.hzcargo.hr\\\/#\\\/schema\\\/person\\\/3cfaaad1a6f14f5f7f01d9032821e002\",\"name\":\"iva.sivric\",\"image\":{\"@type\":\"ImageObject\",\"inLanguage\":\"en-US\",\"@id\":\"https:\\\/\\\/secure.gravatar.com\\\/avatar\\\/edf07f4f785c1ce203cc8da8b493ecd3f94d9fbf1711adcc6f0b7b56adac0142?s=96&d=mm&r=g\",\"url\":\"https:\\\/\\\/secure.gravatar.com\\\/avatar\\\/edf07f4f785c1ce203cc8da8b493ecd3f94d9fbf1711adcc6f0b7b56adac0142?s=96&d=mm&r=g\",\"contentUrl\":\"https:\\\/\\\/secure.gravatar.com\\\/avatar\\\/edf07f4f785c1ce203cc8da8b493ecd3f94d9fbf1711adcc6f0b7b56adac0142?s=96&d=mm&r=g\",\"caption\":\"iva.sivric\"}}]}<\/script>\n<!-- \/ Yoast SEO plugin. -->","yoast_head_json":{"title":"Vlak H\u017d Carga kao simbol europskog zna\u010daja modernizacije hrvatske pruge - H\u017d Cargo","robots":{"index":"index","follow":"follow","max-snippet":"max-snippet:-1","max-image-preview":"max-image-preview:large","max-video-preview":"max-video-preview:-1"},"canonical":"https:\/\/www.hzcargo.hr\/vlak-hz-carga-kao-simbol-europskog-znacaja-projekta-hrvatske-nizinske-pruge\/","og_locale":"en_US","og_type":"article","og_title":"Vlak H\u017d Carga kao simbol europskog zna\u010daja modernizacije hrvatske pruge - H\u017d Cargo","og_description":"Fotografija vlaka H\u017d Carga d.o.o., koji prevozi ugljen iz Bakra u Slova\u010dku preko novoizgra\u0111enog vijadukta Carevdar, simbolizira europski zna\u010daj modernizacije \u017eeljezni\u010dke pruge na dionici Kri\u017eevci \u2013 Koprivnica \u2013 dr\u017eavna granica s Ma\u0111arskom u povezivanju Hrvatske s Ma\u0111arskom i &hellip;","og_url":"https:\/\/www.hzcargo.hr\/vlak-hz-carga-kao-simbol-europskog-znacaja-projekta-hrvatske-nizinske-pruge\/","og_site_name":"H\u017d Cargo","article_published_time":"2025-11-13T08:54:41+00:00","article_modified_time":"2026-02-02T08:58:16+00:00","og_image":[{"width":500,"height":333,"url":"https:\/\/www.hzcargo.hr\/wp-content\/uploads\/2025\/11\/HZCargo-Vijadukt-Carevdar-Leon-Smrtic-1.-smanjena.jpg","type":"image\/jpeg"}],"author":"iva.sivric","twitter_card":"summary_large_image","twitter_misc":{"Written by":"iva.sivric","Est. reading time":"1 minute"},"schema":{"@context":"https:\/\/schema.org","@graph":[{"@type":"Article","@id":"https:\/\/www.hzcargo.hr\/vlak-hz-carga-kao-simbol-europskog-znacaja-projekta-hrvatske-nizinske-pruge\/#article","isPartOf":{"@id":"https:\/\/www.hzcargo.hr\/vlak-hz-carga-kao-simbol-europskog-znacaja-projekta-hrvatske-nizinske-pruge\/"},"author":{"name":"iva.sivric","@id":"https:\/\/www.hzcargo.hr\/#\/schema\/person\/3cfaaad1a6f14f5f7f01d9032821e002"},"headline":"Vlak H\u017d Carga kao simbol europskog zna\u010daja modernizacije hrvatske pruge","datePublished":"2025-11-13T08:54:41+00:00","dateModified":"2026-02-02T08:58:16+00:00","mainEntityOfPage":{"@id":"https:\/\/www.hzcargo.hr\/vlak-hz-carga-kao-simbol-europskog-znacaja-projekta-hrvatske-nizinske-pruge\/"},"wordCount":74,"image":{"@id":"https:\/\/www.hzcargo.hr\/vlak-hz-carga-kao-simbol-europskog-znacaja-projekta-hrvatske-nizinske-pruge\/#primaryimage"},"thumbnailUrl":"https:\/\/www.hzcargo.hr\/wp-content\/uploads\/2025\/11\/HZCargo-Vijadukt-Carevdar-Leon-Smrtic-1.-smanjena.jpg","articleSection":["Novosti"],"inLanguage":"en-US"},{"@type":"WebPage","@id":"https:\/\/www.hzcargo.hr\/vlak-hz-carga-kao-simbol-europskog-znacaja-projekta-hrvatske-nizinske-pruge\/","url":"https:\/\/www.hzcargo.hr\/vlak-hz-carga-kao-simbol-europskog-znacaja-projekta-hrvatske-nizinske-pruge\/","name":"Vlak H\u017d Carga kao simbol europskog zna\u010daja modernizacije hrvatske pruge - H\u017d Cargo","isPartOf":{"@id":"https:\/\/www.hzcargo.hr\/#website"},"primaryImageOfPage":{"@id":"https:\/\/www.hzcargo.hr\/vlak-hz-carga-kao-simbol-europskog-znacaja-projekta-hrvatske-nizinske-pruge\/#primaryimage"},"image":{"@id":"https:\/\/www.hzcargo.hr\/vlak-hz-carga-kao-simbol-europskog-znacaja-projekta-hrvatske-nizinske-pruge\/#primaryimage"},"thumbnailUrl":"https:\/\/www.hzcargo.hr\/wp-content\/uploads\/2025\/11\/HZCargo-Vijadukt-Carevdar-Leon-Smrtic-1.-smanjena.jpg","datePublished":"2025-11-13T08:54:41+00:00","dateModified":"2026-02-02T08:58:16+00:00","author":{"@id":"https:\/\/www.hzcargo.hr\/#\/schema\/person\/3cfaaad1a6f14f5f7f01d9032821e002"},"breadcrumb":{"@id":"https:\/\/www.hzcargo.hr\/vlak-hz-carga-kao-simbol-europskog-znacaja-projekta-hrvatske-nizinske-pruge\/#breadcrumb"},"inLanguage":"en-US","potentialAction":[{"@type":"ReadAction","target":["https:\/\/www.hzcargo.hr\/vlak-hz-carga-kao-simbol-europskog-znacaja-projekta-hrvatske-nizinske-pruge\/"]}]},{"@type":"ImageObject","inLanguage":"en-US","@id":"https:\/\/www.hzcargo.hr\/vlak-hz-carga-kao-simbol-europskog-znacaja-projekta-hrvatske-nizinske-pruge\/#primaryimage","url":"https:\/\/www.hzcargo.hr\/wp-content\/uploads\/2025\/11\/HZCargo-Vijadukt-Carevdar-Leon-Smrtic-1.-smanjena.jpg","contentUrl":"https:\/\/www.hzcargo.hr\/wp-content\/uploads\/2025\/11\/HZCargo-Vijadukt-Carevdar-Leon-Smrtic-1.-smanjena.jpg","width":500,"height":333},{"@type":"BreadcrumbList","@id":"https:\/\/www.hzcargo.hr\/vlak-hz-carga-kao-simbol-europskog-znacaja-projekta-hrvatske-nizinske-pruge\/#breadcrumb","itemListElement":[{"@type":"ListItem","position":1,"name":"Home","item":"https:\/\/www.hzcargo.hr\/en\/"},{"@type":"ListItem","position":2,"name":"Vlak H\u017d Carga kao simbol europskog zna\u010daja modernizacije hrvatske pruge"}]},{"@type":"WebSite","@id":"https:\/\/www.hzcargo.hr\/#website","url":"https:\/\/www.hzcargo.hr\/","name":"H\u017d Cargo","description":"dru\u0161tvo s ograni\u010denom odgovorno\u0161\u0107u za prijevoz tereta","potentialAction":[{"@type":"SearchAction","target":{"@type":"EntryPoint","urlTemplate":"https:\/\/www.hzcargo.hr\/?s={search_term_string}"},"query-input":{"@type":"PropertyValueSpecification","valueRequired":true,"valueName":"search_term_string"}}],"inLanguage":"en-US"},{"@type":"Person","@id":"https:\/\/www.hzcargo.hr\/#\/schema\/person\/3cfaaad1a6f14f5f7f01d9032821e002","name":"iva.sivric","image":{"@type":"ImageObject","inLanguage":"en-US","@id":"https:\/\/secure.gravatar.com\/avatar\/edf07f4f785c1ce203cc8da8b493ecd3f94d9fbf1711adcc6f0b7b56adac0142?s=96&d=mm&r=g","url":"https:\/\/secure.gravatar.com\/avatar\/edf07f4f785c1ce203cc8da8b493ecd3f94d9fbf1711adcc6f0b7b56adac0142?s=96&d=mm&r=g","contentUrl":"https:\/\/secure.gravatar.com\/avatar\/edf07f4f785c1ce203cc8da8b493ecd3f94d9fbf1711adcc6f0b7b56adac0142?s=96&d=mm&r=g","caption":"iva.sivric"}}]}},"_links":{"self":[{"href":"https:\/\/www.hzcargo.hr\/en\/wp-json\/wp\/v2\/posts\/5150","targetHints":{"allow":["GET"]}}],"collection":[{"href":"https:\/\/www.hzcargo.hr\/en\/wp-json\/wp\/v2\/posts"}],"about":[{"href":"https:\/\/www.hzcargo.hr\/en\/wp-json\/wp\/v2\/types\/post"}],"author":[{"embeddable":true,"href":"https:\/\/www.hzcargo.hr\/en\/wp-json\/wp\/v2\/users\/4"}],"replies":[{"embeddable":true,"href":"https:\/\/www.hzcargo.hr\/en\/wp-json\/wp\/v2\/comments?post=5150"}],"version-history":[{"count":4,"href":"https:\/\/www.hzcargo.hr\/en\/wp-json\/wp\/v2\/posts\/5150\/revisions"}],"predecessor-version":[{"id":5260,"href":"https:\/\/www.hzcargo.hr\/en\/wp-json\/wp\/v2\/posts\/5150\/revisions\/5260"}],"wp:featuredmedia":[{"embeddable":true,"href":"https:\/\/www.hzcargo.hr\/en\/wp-json\/wp\/v2\/media\/5198"}],"wp:attachment":[{"href":"https:\/\/www.hzcargo.hr\/en\/wp-json\/wp\/v2\/media?parent=5150"}],"wp:term":[{"taxonomy":"category","embeddable":true,"href":"https:\/\/www.hzcargo.hr\/en\/wp-json\/wp\/v2\/categories?post=5150"},{"taxonomy":"post_tag","embeddable":true,"href":"https:\/\/www.hzcargo.hr\/en\/wp-json\/wp\/v2\/tags?post=5150"}],"curies":[{"name":"wp","href":"https:\/\/api.w.org\/{rel}","templated":true}]}}